{"id":362,"date":"2017-04-11T14:05:25","date_gmt":"2017-04-11T12:05:25","guid":{"rendered":"http:\/\/www.technitynk.pl\/?p=362"},"modified":"2017-07-28T13:33:20","modified_gmt":"2017-07-28T11:33:20","slug":"xxi-targi-budowlane-rzeszowie-dniach-08-10-04-2016-r","status":"publish","type":"post","link":"https:\/\/www.technitynk.pl\/en\/xxi-targi-budowlane-rzeszowie-dniach-08-10-04-2016-r\/","title":{"rendered":"XXI TARGI BUDOWLANE W RZESZOWIE W DNIACH 08-10.04.2016 r."},"content":{"rendered":"<p>Firma TECHNITynk wzi\u0119\u0142a udzia\u0142 w XXI Targach Budownictwa, Wyposa\u017cenia Wn\u0119trz i Ogrod\u00f3w EXPO DOM oraz Targach Nieruchomo\u015bci w Rzeszowie. Targi odby\u0142y si\u0119 w dniach 08-10.04.2016 r.<br \/>\nTECHNITynk zaprezentowano podstawowe, jak r\u00f3wnie\u017c i nowe produkty firmy, przekazano zainteresowanym kilkaset katalog\u00f3w i ulotek o produktach. Udzia\u0142 w targach by\u0142 okazj\u0105 do spotka\u0144 z firmami wsp\u00f3\u0142pracuj\u0105cymi oraz z firmami zainteresowanymi podj\u0119ciem wsp\u00f3\u0142pracy. \u0141\u0105cznie nasze stoisko odwiedzi\u0142o kilkaset\u00a0os\u00f3b.<\/p>\n\n\t\t<style type=\"text\/css\">\n\t\t\t#gallery-1 {\n\t\t\t\tmargin: auto;\n\t\t\t}\n\t\t\t#gallery-1 .gallery-item {\n\t\t\t\tfloat: left;\n\t\t\t\tmargin-top: 10px;\n\t\t\t\ttext-align: center;\n\t\t\t\twidth: 25%;\n\t\t\t}\n\t\t\t#gallery-1 img {\n\t\t\t\tborder: 2px solid #cfcfcf;\n\t\t\t}\n\t\t\t#gallery-1 .gallery-caption {\n\t\t\t\tmargin-left: 0;\n\t\t\t}\n\t\t\t\/* see gallery_shortcode() in wp-includes\/media.php *\/\n\t\t<\/style>\n\t\t<div id='gallery-1' class='gallery galleryid-362 gallery-columns-4 gallery-size-260x200'><dl class='gallery-item'>\n\t\t\t<dt class='gallery-icon portrait'>\n\t\t\t\t<a href='https:\/\/www.technitynk.pl\/wp-content\/uploads\/2017\/05\/targi-rzeszow-2.jpg'><img width=\"260\" height=\"200\" src=\"https:\/\/www.technitynk.pl\/wp-content\/uploads\/2017\/05\/targi-rzeszow-2-260x200.jpg\" class=\"attachment-260x200 size-260x200\" alt=\"\" loading=\"lazy\" \/><\/a>\n\t\t\t<\/dt><\/dl><dl class='gallery-item'>\n\t\t\t<dt class='gallery-icon landscape'>\n\t\t\t\t<a href='https:\/\/www.technitynk.pl\/wp-content\/uploads\/2017\/05\/targi-rzeszow-1.jpg'><img width=\"260\" height=\"200\" src=\"https:\/\/www.technitynk.pl\/wp-content\/uploads\/2017\/05\/targi-rzeszow-1-260x200.jpg\" class=\"attachment-260x200 size-260x200\" alt=\"\" loading=\"lazy\" \/><\/a>\n\t\t\t<\/dt><\/dl>\n\t\t\t<br style='clear: both' \/>\n\t\t<\/div>\n\n<p>W czasie targ\u00f3w zosta\u0142y nawi\u0105zane pierwsze kontakty handlowe z nowymi firmami wykonawczymi, handlowymi i projektantami. Przeprowadzone rozmowy przyczyni\u0105 si\u0119 do pog\u0142\u0119bienia wsp\u00f3\u0142pracy, wymiany do\u015bwiadcze\u0144 i do rozwoju firm wsp\u00f3\u0142pracuj\u0105cych z nasz\u0105 firm\u0105.<\/p>\n<p>&nbsp;<\/p>\n","protected":false},"excerpt":{"rendered":"<p>Firma TECHNITynk wzi\u0119\u0142a udzia\u0142 w XXI Targach Budownictwa, Wyposa\u017cenia Wn\u0119trz i Ogrod\u00f3w EXPO DOM oraz Targach Nieruchomo\u015bci w Rzeszowie. Targi odby\u0142y si\u0119 w dniach 08-10.04.2016 r. TECHNITynk zaprezentowano podstawowe, jak r\u00f3wnie\u017c i nowe produkty firmy, przekazano zainteresowanym kilkaset katalog\u00f3w i ulotek o produktach. Udzia\u0142 w targach by\u0142 okazj\u0105 do spotka\u0144 z firmami wsp\u00f3\u0142pracuj\u0105cymi oraz z [&hellip;]<\/p>\n","protected":false},"author":1,"featured_media":0,"comment_status":"closed","ping_status":"closed","sticky":false,"template":"","format":"standard","meta":[],"categories":[1],"tags":[],"_links":{"self":[{"href":"https:\/\/www.technitynk.pl\/en\/wp-json\/wp\/v2\/posts\/362"}],"collection":[{"href":"https:\/\/www.technitynk.pl\/en\/wp-json\/wp\/v2\/posts"}],"about":[{"href":"https:\/\/www.technitynk.pl\/en\/wp-json\/wp\/v2\/types\/post"}],"author":[{"embeddable":true,"href":"https:\/\/www.technitynk.pl\/en\/wp-json\/wp\/v2\/users\/1"}],"replies":[{"embeddable":true,"href":"https:\/\/www.technitynk.pl\/en\/wp-json\/wp\/v2\/comments?post=362"}],"version-history":[{"count":0,"href":"https:\/\/www.technitynk.pl\/en\/wp-json\/wp\/v2\/posts\/362\/revisions"}],"wp:attachment":[{"href":"https:\/\/www.technitynk.pl\/en\/wp-json\/wp\/v2\/media?parent=362"}],"wp:term":[{"taxonomy":"category","embeddable":true,"href":"https:\/\/www.technitynk.pl\/en\/wp-json\/wp\/v2\/categories?post=362"},{"taxonomy":"post_tag","embeddable":true,"href":"https:\/\/www.technitynk.pl\/en\/wp-json\/wp\/v2\/tags?post=362"}],"curies":[{"name":"wp","href":"https:\/\/api.w.org\/{rel}","templated":true}]}}